{"id":4014,"date":"2021-01-15T23:23:19","date_gmt":"2021-01-15T22:23:19","guid":{"rendered":"http:\/\/cussac87.com\/?p=2013"},"modified":"2021-05-14T16:51:49","modified_gmt":"2021-05-14T14:51:49","slug":"covid-19-couvre-feu-2","status":"publish","type":"post","link":"https:\/\/cussac87.com\/index.php\/2021\/01\/15\/covid-19-couvre-feu-2\/","title":{"rendered":"Covid-19 : Couvre-feu \u00e0 18H"},"content":{"rendered":"\n<div class=\"article_entete\">\n<p class=\" text-justify\"><b>Le 14 janvier 2021, le Premier ministre a annonc\u00e9 l\u2019avanc\u00e9e du couvre-feu de 20h00 \u00e0 18h00 sur l\u2019ensemble du territoire m\u00e9tropolitain \u00e0 partir du samedi 16 janvier 2021.<\/b><\/p>\n<p class=\" text-justify\"><b>Vous pouvez t\u00e9l\u00e9charger vos attestions de d\u00e9placement depuis le <a href=\"https:\/\/www.gouvernement.fr\/info-coronavirus\" target=\"_self\" rel=\"noopener noreferrer\">site du Gouvernement<\/a> ou sur le site du <a title=\"Visiter le site https:\/\/www.interieur.gouv.fr\/Actualites\/L-actu-du-Ministere\/Attestations-de-deplacement-couvre-feu - nouvelle fen\u00eatre\" href=\"https:\/\/www.interieur.gouv.fr\/Actualites\/L-actu-du-Ministere\/Attestations-de-deplacement-couvre-feu\" target=\"_blank\" rel=\"noopener noreferrer\"><img decoding=\"async\" data-src=\"https:\/\/www.haute-vienne.gouv.fr\/extension\/ide\/design\/ide_design\/images\/site-ext.png\" src=\"data:image\/svg+xml;base64,PHN2ZyB3aWR0aD0iMSIgaGVpZ2h0PSIxIiB4bWxucz0iaHR0cDovL3d3dy53My5vcmcvMjAwMC9zdmciPjwvc3ZnPg==\" class=\"lazyload\">minist\u00e8re de l\u2019Int\u00e9rieur. <\/a> <\/b><\/p>\n<p class=\" text-justify\"><b>Toutes les informations sont \u00e0 retrouver sur le <a href=\"https:\/\/www.gouvernement.fr\/info-coronavirus\" target=\"_self\" rel=\"noopener noreferrer\">site du Gouvernement<\/a> ou en appelant le 0 800 130 000 (appel gratuit, 24\/24h).<\/b><\/p>\n<p class=\" text-justify\"><b>\u00c0 partir du samedi 16 janvier, les d\u00e9placements sur le territoire m\u00e9tropolitain seront interdits de 18h00 \u00e0 06h00 du matin (sauf exception). Si vous devez vous d\u00e9placer pour motif de d\u00e9rogation au couvre-feu, n&rsquo;oubliez pas de vous munir de votre attestation.<\/b><\/p>\n<p class=\" text-justify\"><b>&nbsp;<\/b><\/p>\n<\/div>\n<p>L&rsquo;application TousAntiCovid est disponible au t\u00e9l\u00e9chargement sur :<\/p>\n<p>\u25ba&nbsp;Apple Store : <a title=\"Visiter le site https:\/\/apps.apple.com\/app\/id1511279125 - nouvelle fen\u00eatre\" href=\"https:\/\/apps.apple.com\/app\/id1511279125\" target=\"_blank\" rel=\"noopener noreferrer\"><img decoding=\"async\" data-src=\"https:\/\/www.haute-vienne.gouv.fr\/extension\/ide\/design\/ide_design\/images\/site-ext.png\" src=\"data:image\/svg+xml;base64,PHN2ZyB3aWR0aD0iMSIgaGVpZ2h0PSIxIiB4bWxucz0iaHR0cDovL3d3dy53My5vcmcvMjAwMC9zdmciPjwvc3ZnPg==\" class=\"lazyload\">https:\/\/apps.apple.com\/app\/id1511279125<\/a><\/p>\n<p>\u25ba&nbsp;Google Play : <a title=\"Visiter le site https:\/\/play.google.com\/store\/apps\/details?id=fr.gouv.android.stopcovid - nouvelle fen\u00eatre\" href=\"https:\/\/play.google.com\/store\/apps\/details?id=fr.gouv.android.stopcovid\" target=\"_blank\" rel=\"noopener noreferrer\"><img decoding=\"async\" data-src=\"https:\/\/www.haute-vienne.gouv.fr\/extension\/ide\/design\/ide_design\/images\/site-ext.png\" src=\"data:image\/svg+xml;base64,PHN2ZyB3aWR0aD0iMSIgaGVpZ2h0PSIxIiB4bWxucz0iaHR0cDovL3d3dy53My5vcmcvMjAwMC9zdmciPjwvc3ZnPg==\" class=\"lazyload\">https:\/\/play.google.com\/store\/apps\/details?id=fr.gouv.android.stopcovid<\/a><\/p>\n<hr>\n<p class=\" text-justify\"><b>Comment fonctionne le couvre-feu&nbsp;? <\/b><\/p>\n<p class=\" text-justify\">L\u2019objectif du couvre-feu est de limiter les rassemblements durant lesquels les mesures barri\u00e8res sont moins bien appliqu\u00e9es et o\u00f9 le virus circule rapidement tout en limitant l\u2019impact sur l\u2019\u00e9conomie d\u00e9j\u00e0 mise \u00e0 rude \u00e9preuve par l\u2019\u00e9pid\u00e9mie.<\/p>\n<p class=\" text-justify\">Les sorties et d\u00e9placements sans attestations d\u00e9rogatoires seront interdits de 18h00 \u00e0 06h00, sous peine d\u2019une amende de 135 \u20ac et jusqu\u2019\u00e0 3750 \u20ac en cas de r\u00e9cidive. Les \u00e9tablissements autoris\u00e9s \u00e0 ouvrir ne pourront plus accueillir de public apr\u00e8s 18h00.<\/p>\n<p class=\" text-justify\"><b>Une attestation de d\u00e9placement d\u00e9rogatoire propre au couvre-feu est requise pour se d\u00e9placer entre 18h00 \u00e0 06h00.<\/b> Il est possible de la t\u00e9l\u00e9charger sur le site du Gouvernement, sur le site du minist\u00e8re de l\u2019Int\u00e9rieur et sur l\u2019application #TousAntiCovid, ou de la recopier sur un papier libre.<\/p>\n<p>&nbsp;<\/p>\n<p>Source : <a href=\"https:\/\/www.haute-vienne.gouv.fr\/Actualites\/Le-couvre-feu-en-Haute-Vienne\" target=\"_blank\" rel=\"noopener noreferrer\">Pr\u00e9fecture de Haute-Vienne<\/a><\/p>\n<p>&nbsp;<\/p>\n","protected":false},"excerpt":{"rendered":"<p>Le 14 janvier 2021, le Premier ministre a annonc\u00e9 l\u2019avanc\u00e9e du couvre-feu de 20h00 \u00e0 18h00 sur l\u2019ensemble du territoire m\u00e9tropolitain \u00e0 partir du samedi 16 janvier 2021. Vous pouvez t\u00e9l\u00e9charger vos attestions de d\u00e9placement depuis le site du Gouvernement ou sur le site du minist\u00e8re de l\u2019Int\u00e9rieur. Toutes les informations sont \u00e0 retrouver sur [&hellip;]<\/p>\n","protected":false},"author":1,"featured_media":4170,"comment_status":"closed","ping_status":"open","sticky":false,"template":"","format":"standard","meta":{"_jetpack_memberships_contains_paid_content":false,"footnotes":"","jetpack_publicize_message":"","jetpack_publicize_feature_enabled":true,"jetpack_social_post_already_shared":true,"jetpack_social_options":{"image_generator_settings":{"template":"highway","enabled":false},"version":2}},"categories":[4,7],"tags":[],"jetpack_publicize_connections":[],"jetpack_sharing_enabled":true,"featured_image_src":"https:\/\/cussac87.com\/wp-content\/uploads\/2021\/01\/Le-couvre-feu-en-Haute-Vienne_large.png","featured_image_src_square":"https:\/\/cussac87.com\/wp-content\/uploads\/2021\/01\/Le-couvre-feu-en-Haute-Vienne_large.png","author_info":{"display_name":"admin4046","author_link":"https:\/\/cussac87.com\/index.php\/author\/admin4046\/"},"jetpack_featured_media_url":"https:\/\/cussac87.com\/wp-content\/uploads\/2021\/01\/Le-couvre-feu-en-Haute-Vienne_large.png","_links":{"self":[{"href":"https:\/\/cussac87.com\/index.php\/wp-json\/wp\/v2\/posts\/4014"}],"collection":[{"href":"https:\/\/cussac87.com\/index.php\/wp-json\/wp\/v2\/posts"}],"about":[{"href":"https:\/\/cussac87.com\/index.php\/wp-json\/wp\/v2\/types\/post"}],"author":[{"embeddable":true,"href":"https:\/\/cussac87.com\/index.php\/wp-json\/wp\/v2\/users\/1"}],"replies":[{"embeddable":true,"href":"https:\/\/cussac87.com\/index.php\/wp-json\/wp\/v2\/comments?post=4014"}],"version-history":[{"count":0,"href":"https:\/\/cussac87.com\/index.php\/wp-json\/wp\/v2\/posts\/4014\/revisions"}],"wp:featuredmedia":[{"embeddable":true,"href":"https:\/\/cussac87.com\/index.php\/wp-json\/wp\/v2\/media\/4170"}],"wp:attachment":[{"href":"https:\/\/cussac87.com\/index.php\/wp-json\/wp\/v2\/media?parent=4014"}],"wp:term":[{"taxonomy":"category","embeddable":true,"href":"https:\/\/cussac87.com\/index.php\/wp-json\/wp\/v2\/categories?post=4014"},{"taxonomy":"post_tag","embeddable":true,"href":"https:\/\/cussac87.com\/index.php\/wp-json\/wp\/v2\/tags?post=4014"}],"curies":[{"name":"wp","href":"https:\/\/api.w.org\/{rel}","templated":true}]}}