{"id":4006,"date":"2020-11-28T00:13:59","date_gmt":"2020-11-27T23:13:59","guid":{"rendered":"http:\/\/cussac87.com\/?p=1921"},"modified":"2020-11-28T00:13:59","modified_gmt":"2020-11-27T23:13:59","slug":"covid-19-allegement-du-confinement-a-partir-du-28-novembre","status":"publish","type":"post","link":"https:\/\/cussac87.com\/index.php\/2020\/11\/28\/covid-19-allegement-du-confinement-a-partir-du-28-novembre\/","title":{"rendered":"Covid-19 : All\u00e8gement du confinement \u00e0 partir du 28 novembre"},"content":{"rendered":"\n<p>Le confinement national se prolonge mais de fa\u00e7on all\u00e9g\u00e9e \u00e0 partir du samedi 28&nbsp;novembre&nbsp;2020. Deux autres \u00e9tapes sont d\u00e9j\u00e0 envisag\u00e9es pour un d\u00e9confinement progressif en fonction de l&rsquo;\u00e9volution des indicateurs \u00e9pid\u00e9miques. Destin\u00e9 \u00e0 lutter contre la nouvelle vague de l&rsquo;\u00e9pid\u00e9mie du Covid-19, ce plan a \u00e9t\u00e9 annonc\u00e9 par le Pr\u00e9sident de la R\u00e9publique dans une allocution du 24&nbsp;novembre&nbsp;2020. Quelles sont les 3&nbsp;grandes \u00e9tapes&nbsp;? Quelles sont les mesures d\u00e9taill\u00e9es par le Premier ministre lors de sa conf\u00e9rence de presse du 26&nbsp;novembre&nbsp;2020 ?<\/p>\n\n\n\n<h2 class=\"wp-block-heading\" id=\"titreChapitre_9086654918467516002\">\u00c0 compter du 28&nbsp;novembre&nbsp;2020&nbsp;au matin<\/h2>\n\n\n\n<ul><li>Les attestations seront toujours n\u00e9cessaires pour les sorties, mais les d\u00e9placements pour motifs de promenade ou d&rsquo;activit\u00e9 physique seront \u00e9tendus \u00e0 20 km et pour une dur\u00e9e de 3h (au lieu d&rsquo;1 km et 1h actuellement).<\/li><li>Les activit\u00e9s extra-scolaires en plein air seront \u00e0 nouveau autoris\u00e9es.<\/li><li>Les offices dans les lieux de cultes seront permis dans la stricte limite de 30&nbsp;personnes (cette jauge sera r\u00e9\u00e9valu\u00e9e en fonction de la capacit\u00e9 globale d&rsquo;accueil et de l&rsquo;\u00e9volution sanitaire au 15&nbsp;d\u00e9cembre&nbsp;2020)&nbsp;;<\/li><li>Le sport dans les lieux clos et les sports collectifs ou de contact en ext\u00e9rieur restent interdits. Il est possible de courir dans l&rsquo;espace public ou pratiquer un sport individuel dans un stade ou un terrain de sport d\u00e9couvert, comme par exemple le tennis, l&rsquo;\u00e9quitation, l&rsquo;athl\u00e9tisme ou le golf. Les sports nautiques peuvent reprendre.<\/li><\/ul>\n\n\n\n<p>Les commerces et \u00e9tablissements suivants pourront rouvrir&nbsp;:<\/p>\n\n\n\n<ul><li>les petits commerces jusqu&rsquo;\u00e0 21h dans le cadre d&rsquo;un protocole sanitaire strict. Des d\u00e9rogations seront accord\u00e9es pour ouvrir le dimanche&nbsp;;<\/li><li>les commerces culturels (libraires, disquaires, galeries d&rsquo;art, salles de vente)&nbsp;;<\/li><li>les biblioth\u00e8ques et les archives&nbsp;;<\/li><li>les auto-\u00e9coles (la pr\u00e9paration des \u00e9preuves th\u00e9oriques continuera de se faire \u00e0 distance)&nbsp;;<\/li><li>les agences immobili\u00e8res (les visites immobili\u00e8res pourront reprendre)&nbsp;;<\/li><li>les services \u00e0 domicile.<\/li><\/ul>\n\n\n\n<p>Les grandes surfaces peuvent rouvrir tous leurs rayons.<\/p>\n\n\n\n<p>&nbsp; <strong>\u00c0 noter :&nbsp;<\/strong>Un protocole sanitaire sera mis en place \u00e0 l&rsquo;ouverture des commerces&nbsp;:<\/p>\n\n\n\n<ul><li>la jauge est port\u00e9e \u00e0 8&nbsp;m\u00b2 par client et s&rsquo;applique \u00e0 la surface de vente totale (le mobilier, les rayonnages et les \u00e9tals n&rsquo;entrent pas dans le calcul). Le personnel des commerces est exclu de la jauge. Les commerces de plus de 400&nbsp;m\u00b2 devront mettre en place un syst\u00e8me de comptage pour veiller au respect de cette jauge. Lorsqu&rsquo;un couple ou un parent avec son enfant entrent dans un commerce, ils compteront comme une seule personne.<\/li><li>un sens de circulation sera mis en place quand c&rsquo;est possible&nbsp;;<\/li><li>les locaux doivent \u00eatre a\u00e9r\u00e9s r\u00e9guli\u00e8rement&nbsp;;<\/li><li>du gel hydroalcoolique devra obligatoirement \u00eatre disponible \u00e0 l&rsquo;entr\u00e9e.<\/li><\/ul>\n\n\n\n<h2 class=\"wp-block-heading\" id=\"titreChapitre_-5445427418037643642\">\u00c0 compter du 15 d\u00e9cembre&nbsp;2020&nbsp;<\/h2>\n\n\n\n<p>Si le nombre de nouvelles contaminations quotidiennes descend \u00e0 5&nbsp;000 et le nombre de personnes en r\u00e9animation entre 2&nbsp;500 et 3&nbsp;000, le confinement pourra \u00eatre lev\u00e9 le 15&nbsp;d\u00e9cembre&nbsp;2020 dans ces conditions&nbsp;:<\/p>\n\n\n\n<ul><li>un couvre-feu national sera mis en place, de 21h \u00e0 7h. Une exception sera pr\u00e9vue pour les soir\u00e9es du 24 et du 31&nbsp;d\u00e9cembre&nbsp;2020, o\u00f9 la circulation sera libre&nbsp;;<\/li><li>les activit\u00e9s extrascolaires en salle seront de nouveau autoris\u00e9es avec des r\u00e8gles strictes&nbsp;;<\/li><li>les salles de cin\u00e9ma, les th\u00e9\u00e2tres et les mus\u00e9es pourront rouvrir. Une tol\u00e9rance sera permise pour que les spectateurs puissent rentrer chez eux, lorsque la repr\u00e9sentation se termine \u00e0 21h. Le billet de spectacle ou de cin\u00e9ma vaudra justificatif&nbsp;;<\/li><li>les conservatoires et les \u00e9coles de musique pourront dispenser leurs cours \u00e0 l&rsquo;exception du chant, jug\u00e9 trop risqu\u00e9 sur le plan sanitaire&nbsp;;<\/li><li>les grands rassemblements resteront interdits ainsi que tous les \u00e9v\u00e9nements festifs dans les salles \u00e0 louer&nbsp;;<\/li><li>les parcs d&rsquo;attractions, les parcs d&rsquo;expositions et tous les lieux susceptibles de rassembler un grand nombre de personnes venant de r\u00e9gions diff\u00e9rentes resteront ferm\u00e9s&nbsp;;<\/li><li>les bars, les restaurants, les discoth\u00e8ques ne pourront rouvrir.<\/li><\/ul>\n\n\n\n<p>&nbsp; <strong>\u00c0 noter :&nbsp;<\/strong><strong>Vacances d&rsquo;hiver<\/strong><\/p>\n\n\n\n<ul><li>les centres et les colonies de vacances ne pourront pas rouvrir&nbsp;;<\/li><li>les remont\u00e9es m\u00e9caniques et \u00e9quipements collectifs des stations de ski seront ferm\u00e9s, mais il restera possible de se rendre dans ces stations.<\/li><\/ul>\n\n\n\n<h2 class=\"wp-block-heading\" id=\"titreChapitre_186884610945159855\">\u00c0 compter du 20 janvier&nbsp;2020&nbsp;<\/h2>\n\n\n\n<p>Si le nombre de contaminations demeure en-dessous de 5&nbsp;000 cas par jour&nbsp;:<\/p>\n\n\n\n<ul><li>les salles de sport et les restaurants pourront rouvrir&nbsp;;<\/li><li>le couvre-feu sera d\u00e9cal\u00e9&nbsp;;<\/li><li>les lyc\u00e9es seront pleinement rouverts avec la totalit\u00e9 des \u00e9l\u00e8ves pr\u00e9sents durant les cours. Quinze jours plus tard, les universit\u00e9s pourront reprendre les cours avec, l\u00e0 aussi, une pr\u00e9sence physique de tous les \u00e9l\u00e8ves.<\/li><\/ul>\n\n\n\n<p>&nbsp; <strong>\u00c0 noter :&nbsp;<\/strong>La situation sanitaire sera \u00e9valu\u00e9e tous les 15&nbsp;jours pour d\u00e9cider de nouvelles mesures d&rsquo;ouverture ou, au contraire, de fermetures pour pr\u00e9venir tout nouvel emballement de la propagation du virus.<\/p>\n\n\n\n<p>Le confinement national se prolonge mais de fa\u00e7on all\u00e9g\u00e9e \u00e0 partir du samedi 28&nbsp;novembre&nbsp;2020. Deux autres \u00e9tapes sont d\u00e9j\u00e0 envisag\u00e9es pour un d\u00e9confinement progressif en fonction de l&rsquo;\u00e9volution des indicateurs \u00e9pid\u00e9miques. Destin\u00e9 \u00e0 lutter contre la nouvelle vague de l&rsquo;\u00e9pid\u00e9mie du Covid-19, ce plan a \u00e9t\u00e9 annonc\u00e9 par le Pr\u00e9sident de la R\u00e9publique dans une allocution du 24&nbsp;novembre&nbsp;2020. Quelles sont les 3&nbsp;grandes \u00e9tapes&nbsp;? Quelles sont les mesures d\u00e9taill\u00e9es par le Premier ministre lors de sa conf\u00e9rence de presse du 26&nbsp;novembre&nbsp;2020 ?<\/p>\n\n\n\n<h2 class=\"wp-block-heading\" id=\"titreChapitre_9086654918467516002\">\u00c0 compter du 28&nbsp;novembre&nbsp;2020&nbsp;au matin<\/h2>\n\n\n\n<ul><li>Les attestations seront toujours n\u00e9cessaires pour les sorties, mais les d\u00e9placements pour motifs de promenade ou d&rsquo;activit\u00e9 physique seront \u00e9tendus \u00e0 20 km et pour une dur\u00e9e de 3h (au lieu d&rsquo;1 km et 1h actuellement).<\/li><li>Les activit\u00e9s extra-scolaires en plein air seront \u00e0 nouveau autoris\u00e9es.<\/li><li>Les offices dans les lieux de cultes seront permis dans la stricte limite de 30&nbsp;personnes (cette jauge sera r\u00e9\u00e9valu\u00e9e en fonction de la capacit\u00e9 globale d&rsquo;accueil et de l&rsquo;\u00e9volution sanitaire au 15&nbsp;d\u00e9cembre&nbsp;2020)&nbsp;;<\/li><li>Le sport dans les lieux clos et les sports collectifs ou de contact en ext\u00e9rieur restent interdits. Il est possible de courir dans l&rsquo;espace public ou pratiquer un sport individuel dans un stade ou un terrain de sport d\u00e9couvert, comme par exemple le tennis, l&rsquo;\u00e9quitation, l&rsquo;athl\u00e9tisme ou le golf. Les sports nautiques peuvent reprendre.<\/li><\/ul>\n\n\n\n<p>Les commerces et \u00e9tablissements suivants pourront rouvrir&nbsp;:<\/p>\n\n\n\n<ul><li>les petits commerces jusqu&rsquo;\u00e0 21h dans le cadre d&rsquo;un protocole sanitaire strict. Des d\u00e9rogations seront accord\u00e9es pour ouvrir le dimanche&nbsp;;<\/li><li>les commerces culturels (libraires, disquaires, galeries d&rsquo;art, salles de vente)&nbsp;;<\/li><li>les biblioth\u00e8ques et les archives&nbsp;;<\/li><li>les auto-\u00e9coles (la pr\u00e9paration des \u00e9preuves th\u00e9oriques continuera de se faire \u00e0 distance)&nbsp;;<\/li><li>les agences immobili\u00e8res (les visites immobili\u00e8res pourront reprendre)&nbsp;;<\/li><li>les services \u00e0 domicile.<\/li><\/ul>\n\n\n\n<p>Les grandes surfaces peuvent rouvrir tous leurs rayons.<\/p>\n\n\n\n<p>&nbsp; <strong>\u00c0 noter :&nbsp;<\/strong>Un protocole sanitaire sera mis en place \u00e0 l&rsquo;ouverture des commerces&nbsp;:<\/p>\n\n\n\n<ul><li>la jauge est port\u00e9e \u00e0 8&nbsp;m\u00b2 par client et s&rsquo;applique \u00e0 la surface de vente totale (le mobilier, les rayonnages et les \u00e9tals n&rsquo;entrent pas dans le calcul). Le personnel des commerces est exclu de la jauge. Les commerces de plus de 400&nbsp;m\u00b2 devront mettre en place un syst\u00e8me de comptage pour veiller au respect de cette jauge. Lorsqu&rsquo;un couple ou un parent avec son enfant entrent dans un commerce, ils compteront comme une seule personne.<\/li><li>un sens de circulation sera mis en place quand c&rsquo;est possible&nbsp;;<\/li><li>les locaux doivent \u00eatre a\u00e9r\u00e9s r\u00e9guli\u00e8rement&nbsp;;<\/li><li>du gel hydroalcoolique devra obligatoirement \u00eatre disponible \u00e0 l&rsquo;entr\u00e9e.<\/li><\/ul>\n\n\n\n<h2 class=\"wp-block-heading\" id=\"titreChapitre_-5445427418037643642\">\u00c0 compter du 15 d\u00e9cembre&nbsp;2020&nbsp;<\/h2>\n\n\n\n<p>Si le nombre de nouvelles contaminations quotidiennes descend \u00e0 5&nbsp;000 et le nombre de personnes en r\u00e9animation entre 2&nbsp;500 et 3&nbsp;000, le confinement pourra \u00eatre lev\u00e9 le 15&nbsp;d\u00e9cembre&nbsp;2020 dans ces conditions&nbsp;:<\/p>\n\n\n\n<ul><li>un couvre-feu national sera mis en place, de 21h \u00e0 7h. Une exception sera pr\u00e9vue pour les soir\u00e9es du 24 et du 31&nbsp;d\u00e9cembre&nbsp;2020, o\u00f9 la circulation sera libre&nbsp;;<\/li><li>les activit\u00e9s extrascolaires en salle seront de nouveau autoris\u00e9es avec des r\u00e8gles strictes&nbsp;;<\/li><li>les salles de cin\u00e9ma, les th\u00e9\u00e2tres et les mus\u00e9es pourront rouvrir. Une tol\u00e9rance sera permise pour que les spectateurs puissent rentrer chez eux, lorsque la repr\u00e9sentation se termine \u00e0 21h. Le billet de spectacle ou de cin\u00e9ma vaudra justificatif&nbsp;;<\/li><li>les conservatoires et les \u00e9coles de musique pourront dispenser leurs cours \u00e0 l&rsquo;exception du chant, jug\u00e9 trop risqu\u00e9 sur le plan sanitaire&nbsp;;<\/li><li>les grands rassemblements resteront interdits ainsi que tous les \u00e9v\u00e9nements festifs dans les salles \u00e0 louer&nbsp;;<\/li><li>les parcs d&rsquo;attractions, les parcs d&rsquo;expositions et tous les lieux susceptibles de rassembler un grand nombre de personnes venant de r\u00e9gions diff\u00e9rentes resteront ferm\u00e9s&nbsp;;<\/li><li>les bars, les restaurants, les discoth\u00e8ques ne pourront rouvrir.<\/li><\/ul>\n\n\n\n<p>&nbsp; <strong>\u00c0 noter :&nbsp;<\/strong><strong>Vacances d&rsquo;hiver<\/strong><\/p>\n\n\n\n<ul><li>les centres et les colonies de vacances ne pourront pas rouvrir&nbsp;;<\/li><li>les remont\u00e9es m\u00e9caniques et \u00e9quipements collectifs des stations de ski seront ferm\u00e9s, mais il restera possible de se rendre dans ces stations.<\/li><\/ul>\n\n\n\n<h2 class=\"wp-block-heading\" id=\"titreChapitre_186884610945159855\">\u00c0 compter du 20 janvier&nbsp;2020&nbsp;<\/h2>\n\n\n\n<p>Si le nombre de contaminations demeure en-dessous de 5&nbsp;000 cas par jour&nbsp;:<\/p>\n\n\n\n<ul><li>les salles de sport et les restaurants pourront rouvrir&nbsp;;<\/li><li>le couvre-feu sera d\u00e9cal\u00e9&nbsp;;<\/li><li>les lyc\u00e9es seront pleinement rouverts avec la totalit\u00e9 des \u00e9l\u00e8ves pr\u00e9sents durant les cours. Quinze jours plus tard, les universit\u00e9s pourront reprendre les cours avec, l\u00e0 aussi, une pr\u00e9sence physique de tous les \u00e9l\u00e8ves.<\/li><\/ul>\n\n\n\n<p>&nbsp; <strong>\u00c0 noter :&nbsp;<\/strong>La situation sanitaire sera \u00e9valu\u00e9e tous les 15&nbsp;jours pour d\u00e9cider de nouvelles mesures d&rsquo;ouverture ou, au contraire, de fermetures pour pr\u00e9venir tout nouvel emballement de la propagation du virus.<\/p>\n\n\n\n<p>&nbsp; <strong>\u00c0 savoir :&nbsp;<\/strong>Le t\u00e9l\u00e9travail doit se poursuivre quand il est possible tout au long de cette p\u00e9riode.<\/p>\n\n\n\n<p>Source : <a href=\"https:\/\/www.service-public.fr\/particuliers\/actualites\/A14469?xtor=EPR-141\" target=\"_blank\" rel=\"noreferrer noopener\">www.service-public.fr<\/a><\/p>\n","protected":false},"excerpt":{"rendered":"<p>Le confinement national se prolonge mais de fa\u00e7on all\u00e9g\u00e9e \u00e0 partir du samedi 28&nbsp;novembre&nbsp;2020. Deux autres \u00e9tapes sont d\u00e9j\u00e0 envisag\u00e9es pour un d\u00e9confinement progressif en fonction de l&rsquo;\u00e9volution des indicateurs \u00e9pid\u00e9miques. Destin\u00e9 \u00e0 lutter contre la nouvelle vague de l&rsquo;\u00e9pid\u00e9mie du Covid-19, ce plan a \u00e9t\u00e9 annonc\u00e9 par le Pr\u00e9sident de la R\u00e9publique dans une [&hellip;]<\/p>\n","protected":false},"author":1,"featured_media":1838,"comment_status":"closed","ping_status":"open","sticky":false,"template":"","format":"standard","meta":{"_jetpack_memberships_contains_paid_content":false,"footnotes":"","jetpack_publicize_message":"","jetpack_publicize_feature_enabled":true,"jetpack_social_post_already_shared":true,"jetpack_social_options":{"image_generator_settings":{"template":"highway","enabled":false},"version":2}},"categories":[4,7],"tags":[],"jetpack_publicize_connections":[],"jetpack_sharing_enabled":true,"featured_image_src":"https:\/\/cussac87.com\/wp-content\/uploads\/2020\/10\/confinement.png","featured_image_src_square":"https:\/\/cussac87.com\/wp-content\/uploads\/2020\/10\/confinement.png","author_info":{"display_name":"admin4046","author_link":"https:\/\/cussac87.com\/index.php\/author\/admin4046\/"},"jetpack_featured_media_url":"https:\/\/cussac87.com\/wp-content\/uploads\/2020\/10\/confinement.png","_links":{"self":[{"href":"https:\/\/cussac87.com\/index.php\/wp-json\/wp\/v2\/posts\/4006"}],"collection":[{"href":"https:\/\/cussac87.com\/index.php\/wp-json\/wp\/v2\/posts"}],"about":[{"href":"https:\/\/cussac87.com\/index.php\/wp-json\/wp\/v2\/types\/post"}],"author":[{"embeddable":true,"href":"https:\/\/cussac87.com\/index.php\/wp-json\/wp\/v2\/users\/1"}],"replies":[{"embeddable":true,"href":"https:\/\/cussac87.com\/index.php\/wp-json\/wp\/v2\/comments?post=4006"}],"version-history":[{"count":0,"href":"https:\/\/cussac87.com\/index.php\/wp-json\/wp\/v2\/posts\/4006\/revisions"}],"wp:featuredmedia":[{"embeddable":true,"href":"https:\/\/cussac87.com\/index.php\/wp-json\/wp\/v2\/media\/1838"}],"wp:attachment":[{"href":"https:\/\/cussac87.com\/index.php\/wp-json\/wp\/v2\/media?parent=4006"}],"wp:term":[{"taxonomy":"category","embeddable":true,"href":"https:\/\/cussac87.com\/index.php\/wp-json\/wp\/v2\/categories?post=4006"},{"taxonomy":"post_tag","embeddable":true,"href":"https:\/\/cussac87.com\/index.php\/wp-json\/wp\/v2\/tags?post=4006"}],"curies":[{"name":"wp","href":"https:\/\/api.w.org\/{rel}","templated":true}]}}