{"id":1801,"date":"2020-10-23T14:41:57","date_gmt":"2020-10-23T12:41:57","guid":{"rendered":"http:\/\/cussac87.com\/?p=1801"},"modified":"2021-05-14T17:42:48","modified_gmt":"2021-05-14T15:42:48","slug":"covid-19-couvre-feu-de-21h-a-6h","status":"publish","type":"post","link":"https:\/\/cussac87.com\/index.php\/2020\/10\/23\/covid-19-couvre-feu-de-21h-a-6h\/","title":{"rendered":"Covid-19 : Couvre-feu de 21h \u00e0 6h"},"content":{"rendered":"\n<div class=\"article_entete\">Le Premier ministre a d\u00e9cr\u00e9t\u00e9 l\u2019\u00e9tat d\u2019urgence sanitaire sur l\u2019ensemble du territoire \u00e0 partir du samedi 17 octobre. En Haute-Vienne, les indicateurs ont continu\u00e9 de se d\u00e9grader : en date du 22 octobre, le taux d\u2019incidence s\u2019\u00e9l\u00e8ve \u00e0 203,6 pour 100 000 habitants ; le taux de positivit\u00e9 est quant \u00e0 lui de 11,6.<\/div>\n<p class=\" text-justify\"><b>La circulation du virus progresse donc encore rapidement dans le d\u00e9partement, notamment parmi la population jeune (15-44 ans).<\/b><\/p>\n<p class=\" text-justify\"><b>Suite \u00e0 la conf\u00e9rence de presse du jeudi 22 octobre 2020, les mesures de couvre-feu se sont \u00e9tendues \u00e0 38 nouveaux d\u00e9partements, dont la Haute-Vienne. Celles-ci s\u2019appliquent \u00e0 compter du vendredi 23 octobre \u00e0 minuit jusqu\u2019au 14 novembre 2020 inclus.<\/b><em> (L&rsquo;arr\u00eat\u00e9 pr\u00e9fectorale ne sera disponible que le samedi 24 octobre)<\/em><b><br \/><\/b><\/p>\n<p><img decoding=\"async\" class=\"wp-image-1803 aligncenter lazyload\" data-src=\"https:\/\/cussac87.com\/wp-content\/uploads\/2020\/10\/Attestations-de-deplacement-couvre-feu_largeur_960-300x94.jpg\" alt=\"\" width=\"361\" height=\"113\" data-srcset=\"https:\/\/cussac87.com\/wp-content\/uploads\/2020\/10\/Attestations-de-deplacement-couvre-feu_largeur_960-300x94.jpg 300w, https:\/\/cussac87.com\/wp-content\/uploads\/2020\/10\/Attestations-de-deplacement-couvre-feu_largeur_960-768x240.jpg 768w, https:\/\/cussac87.com\/wp-content\/uploads\/2020\/10\/Attestations-de-deplacement-couvre-feu_largeur_960.jpg 960w\" data-sizes=\"(max-width: 361px) 100vw, 361px\" src=\"data:image\/svg+xml;base64,PHN2ZyB3aWR0aD0iMSIgaGVpZ2h0PSIxIiB4bWxucz0iaHR0cDovL3d3dy53My5vcmcvMjAwMC9zdmciPjwvc3ZnPg==\" style=\"--smush-placeholder-width: 361px; --smush-placeholder-aspect-ratio: 361\/113;\" \/><\/p>\n<p class=\" text-justify\"><b>Comment fonctionne le couvre-feu\u00a0? <\/b><\/p>\n<p class=\" text-justify\" style=\"text-align: justify;\">En application du couvre-feu, entre 21h00 et 06h00 du matin, tout d\u00e9placement de personne hors de son domicile ou de son lieu d\u2019h\u00e9bergement est d\u00e9sormais interdit, \u00e0 l\u2019exception de d\u00e9rogations (d\u00e9placements professionnels, personnels m\u00e9dicaux, pour motif familial imp\u00e9rieux, pour les besoins des animaux de compagnie\u2026). Pour cela, il sera n\u00e9cessaire de remplir une attestation de d\u00e9placement \u00ab couvre-feu \u00bb. <b>Ces attestations sont disponibles sur le site du <a href=\"https:\/\/www.interieur.gouv.fr\/Actualites\/L-actu-du-Ministere\/Attestations-de-deplacement-couvre-feu\" target=\"_self\" rel=\"noopener noreferrer\">minist\u00e8re de l\u2019Int\u00e9rieur<\/a> .<\/b><\/p>\n<p class=\" text-justify\" style=\"text-align: justify;\">Les rassemblements, r\u00e9unions ou activit\u00e9s de plus de 6 personnes sur la voie publique ou dans des lieux ouverts au public sont toujours interdits, \u00e0 l\u2019exception des manifestations revendicatives, des rassemblements \u00e0 caract\u00e8re professionnel, des services de transport de voyageurs, des \u00c9tablissements recevant du public (ERP), des c\u00e9r\u00e9monies fun\u00e9raires, des visites guid\u00e9es organis\u00e9es par des personnes titulaires d\u2019une carte professionnelle et des march\u00e9s. Certains ERP, tels que les salles de jeux, les lieux d\u2019exposition, les foires-expositions, les salons, les \u00e9tablissements sportifs couverts (sauf exceptions, notamment pour les activit\u00e9s sportives scolaires) ou encore les f\u00eates foraines ne peuvent ouvrir. Les bars et caf\u00e9s seront \u00e9galement ferm\u00e9s.<\/p>\n<p class=\" text-justify\" style=\"text-align: justify;\">Par ailleurs, le port du masque est obligatoire dans tous les ERP. Une mesure compl\u00e9mentaire prise par le pr\u00e9fet de la Haute-Vienne l\u2019impose pour toute personne de plus de 11 ans se trouvant aux abords d\u2019espaces tels que les \u00e9tablissements scolaires, les centres de loisirs, les \u00e9tablissements culturels et artistiques, les \u00e9tablissements universitaires, les march\u00e9s, entre autres.<\/p>\n<p class=\" text-justify\" style=\"text-align: justify;\">Les contr\u00f4les de police et de gendarmerie seront renforc\u00e9s pour faire respecter ces nouvelles mesures.<\/p>\n<p class=\" text-justify\" style=\"text-align: justify;\">Conscient des efforts d\u00e9j\u00e0 fournis par les collectivit\u00e9s, les acteurs \u00e9conomiques, sociaux et culturels et par les haut-viennois, le pr\u00e9fet en appelle \u00e0 la responsabilit\u00e9 de chacun afin de limiter au maximum les rassemblements dans la sph\u00e8re priv\u00e9e. L\u2019application scrupuleuse des gestes barri\u00e8res reste indispensable.<\/p>\n<p class=\" text-justify\" style=\"text-align: justify;\">Seul le strict respect de ces mesures et des recommandations sanitaires permettra d\u2019enrayer la propagation du virus et d\u2019\u00e9viter une prolongation, voire un durcissement \u00e0 l\u2019approche de l\u2019hiver.<\/p>\n<p>\u00a0<\/p>\n<p style=\"text-align: center;\"><strong>R\u00e9capitulatif des mesures gouvernementales et pr\u00e9fectorales pour faire face \u00e0 l&rsquo;\u00e9pid\u00e9mie de Covid-19<\/strong><\/p>\n<p style=\"text-align: center;\"><strong>en Haute-Vienne du 24 octobre au 14 novembre<\/strong><\/p>\n\n\n\n<div class=\"wp-block-pdfjsblock-pdfjs-embed pdfjs-wrapper\">[pdfjs-viewer viewer_width=0 viewer_height=800 url=https:\/\/cussac87.com\/wp-content\/uploads\/2020\/10\/COVID-19-Mesuresgouvernementalesetprefectoralesensituationdecouvre-feu-1.pdf download=true print=true fullscreen=false fullscreen_target=false fullscreen_text=\u00a0\u00bbPlein%20%C3%A9cran\u00a0\u00bb zoom=0 search_term=\u00a0\u00bb\u00a0\u00bb ]<\/div>\n","protected":false},"excerpt":{"rendered":"<p>Le Premier ministre a d\u00e9cr\u00e9t\u00e9 l\u2019\u00e9tat d\u2019urgence sanitaire sur l\u2019ensemble du territoire \u00e0 partir du samedi 17 octobre. En Haute-Vienne, les indicateurs ont continu\u00e9 de se d\u00e9grader : en date du 22 octobre, le taux d\u2019incidence s\u2019\u00e9l\u00e8ve \u00e0 203,6 pour 100 000 habitants ; le taux de positivit\u00e9 est quant \u00e0 lui de 11,6. La [&hellip;]<\/p>\n","protected":false},"author":1,"featured_media":1446,"comment_status":"closed","ping_status":"closed","sticky":false,"template":"","format":"standard","meta":{"_jetpack_memberships_contains_paid_content":false,"footnotes":"","jetpack_publicize_message":"","jetpack_publicize_feature_enabled":true,"jetpack_social_post_already_shared":true,"jetpack_social_options":{"image_generator_settings":{"template":"highway","enabled":false},"version":2}},"categories":[4,7],"tags":[],"jetpack_publicize_connections":[],"jetpack_sharing_enabled":true,"featured_image_src":"https:\/\/cussac87.com\/wp-content\/uploads\/2020\/07\/Arretes-prefectoraux_large.jpg","featured_image_src_square":"https:\/\/cussac87.com\/wp-content\/uploads\/2020\/07\/Arretes-prefectoraux_large.jpg","author_info":{"display_name":"admin4046","author_link":"https:\/\/cussac87.com\/index.php\/author\/admin4046\/"},"jetpack_featured_media_url":"https:\/\/cussac87.com\/wp-content\/uploads\/2020\/07\/Arretes-prefectoraux_large.jpg","_links":{"self":[{"href":"https:\/\/cussac87.com\/index.php\/wp-json\/wp\/v2\/posts\/1801"}],"collection":[{"href":"https:\/\/cussac87.com\/index.php\/wp-json\/wp\/v2\/posts"}],"about":[{"href":"https:\/\/cussac87.com\/index.php\/wp-json\/wp\/v2\/types\/post"}],"author":[{"embeddable":true,"href":"https:\/\/cussac87.com\/index.php\/wp-json\/wp\/v2\/users\/1"}],"replies":[{"embeddable":true,"href":"https:\/\/cussac87.com\/index.php\/wp-json\/wp\/v2\/comments?post=1801"}],"version-history":[{"count":0,"href":"https:\/\/cussac87.com\/index.php\/wp-json\/wp\/v2\/posts\/1801\/revisions"}],"wp:featuredmedia":[{"embeddable":true,"href":"https:\/\/cussac87.com\/index.php\/wp-json\/wp\/v2\/media\/1446"}],"wp:attachment":[{"href":"https:\/\/cussac87.com\/index.php\/wp-json\/wp\/v2\/media?parent=1801"}],"wp:term":[{"taxonomy":"category","embeddable":true,"href":"https:\/\/cussac87.com\/index.php\/wp-json\/wp\/v2\/categories?post=1801"},{"taxonomy":"post_tag","embeddable":true,"href":"https:\/\/cussac87.com\/index.php\/wp-json\/wp\/v2\/tags?post=1801"}],"curies":[{"name":"wp","href":"https:\/\/api.w.org\/{rel}","templated":true}]}}