{"id":1728,"date":"2020-10-05T23:42:55","date_gmt":"2020-10-05T21:42:55","guid":{"rendered":"http:\/\/cussac87.com\/?p=1728"},"modified":"2021-05-14T21:26:42","modified_gmt":"2021-05-14T19:26:42","slug":"secheresse-etat-de-vigilance","status":"publish","type":"post","link":"https:\/\/cussac87.com\/index.php\/2020\/10\/05\/secheresse-etat-de-vigilance\/","title":{"rendered":"S\u00e9cheresse : Etat de vigilance"},"content":{"rendered":"\n<div class=\"article_entete\">\n<p>Les pluies des derniers jours accompagn\u00e9es d\u2019une chute des temp\u00e9ratures nous \u00e9loigne du ressenti de la s\u00e9cheresse estivale. Par ailleurs, si le territoire haut-viennois a re\u00e7u au mois de septembre, un volume de pluie conforme \u00e0 la normale, le bilan pluviom\u00e9trique accumul\u00e9 de l\u2019ann\u00e9e accuse cependant un d\u00e9ficit de 85 mm.<\/p>\n<\/div>\n<p>Le d\u00e9bit des cours d\u2019eau s\u2019am\u00e9liore progressivement sans toutefois atteindre des niveaux de d\u00e9bits moyens.<\/p>\n<p>Le niveau des eaux souterraines \u00e9volue lentement et lors du mois \u00e9coul\u00e9, certains captages ont atteint des seuils historiquement bas. La reconstitution de ces ressources est longue et conditionn\u00e9e \u00e0 des pluies cons\u00e9quentes et r\u00e9guli\u00e8res.<\/p>\n<p>La situation reste sensible tant pour le milieu aquatique que pour les ressources utilis\u00e9es pour la production d\u2019eau potable mais les pr\u00e9visions m\u00e9t\u00e9orologiques annoncent des pluies \u00e0 partir de la fin de semaine et pour les jours \u00e0 venir.<\/p>\n<p>Aussi, tout en annulant les restrictions d\u2019usages de l\u2019eau en vigueur depuis le 30 juillet, le pr\u00e9fet a plac\u00e9 le d\u00e9partement en \u00e9tat de vigilance vis-\u00e0-vis de la s\u00e9cheresse et appelle les usagers de l\u2019eau \u00e0 poursuivre les actions limitant leur consommation. Il appartient \u00e0 chacun et chacune, particulier, collectivit\u00e9, entreprise, exploitant agricole d\u2019adopter des pratiques \u00e9conomes en eau.<\/p>\n<p><a href=\"http:\/\/propluvia.developpement-durable.gouv.fr\/propluvia\/faces\/index.jsp\" target=\"_blank\" rel=\"noopener noreferrer\"><img decoding=\"async\" class=\"wp-image-1732 aligncenter lazyload\" data-src=\"https:\/\/cussac87.com\/wp-content\/uploads\/2020\/10\/carte_secheresse-300x260.png\" alt=\"\" width=\"348\" height=\"302\" data-srcset=\"https:\/\/cussac87.com\/wp-content\/uploads\/2020\/10\/carte_secheresse-300x260.png 300w, https:\/\/cussac87.com\/wp-content\/uploads\/2020\/10\/carte_secheresse.png 563w\" data-sizes=\"(max-width: 348px) 100vw, 348px\" src=\"data:image\/svg+xml;base64,PHN2ZyB3aWR0aD0iMSIgaGVpZ2h0PSIxIiB4bWxucz0iaHR0cDovL3d3dy53My5vcmcvMjAwMC9zdmciPjwvc3ZnPg==\" style=\"--smush-placeholder-width: 348px; --smush-placeholder-aspect-ratio: 348\/302;\" \/><\/a><\/p>\n\n\n\n<div class=\"wp-block-columns is-layout-flex wp-container-core-columns-is-layout-1 wp-block-columns-is-layout-flex\">\n<div class=\"wp-block-column is-layout-flow wp-block-column-is-layout-flow\">\n<figure class=\"wp-block-image size-large\"><img decoding=\"async\" width=\"640\" height=\"960\" data-src=\"https:\/\/cussac87.com\/wp-content\/uploads\/2020\/07\/secheresse.png\" alt=\"\" class=\"wp-image-1555 lazyload\" data-srcset=\"https:\/\/cussac87.com\/wp-content\/uploads\/2020\/07\/secheresse.png 640w, https:\/\/cussac87.com\/wp-content\/uploads\/2020\/07\/secheresse-200x300.png 200w\" data-sizes=\"(max-width: 640px) 100vw, 640px\" src=\"data:image\/svg+xml;base64,PHN2ZyB3aWR0aD0iMSIgaGVpZ2h0PSIxIiB4bWxucz0iaHR0cDovL3d3dy53My5vcmcvMjAwMC9zdmciPjwvc3ZnPg==\" style=\"--smush-placeholder-width: 640px; --smush-placeholder-aspect-ratio: 640\/960;\" \/><\/figure>\n<\/div>\n\n\n\n<div class=\"wp-block-column is-layout-flow wp-block-column-is-layout-flow\">\n<div class=\"wp-block-pdfjsblock-pdfjs-embed pdfjs-wrapper\">[pdfjs-viewer viewer_width=0 viewer_height=800 url=https:\/\/cussac87.com\/wp-content\/uploads\/2020\/10\/Arrete_vigilance_etiage_signe_1octobre2020.pdf download=true print=true fullscreen=false fullscreen_target=false fullscreen_text=\u00a0\u00bbPlein%20%C3%A9cran\u00a0\u00bb zoom=0 search_term=\u00a0\u00bb\u00a0\u00bb ]<\/div>\n<\/div>\n<\/div>\n","protected":false},"excerpt":{"rendered":"<p>Les pluies des derniers jours accompagn\u00e9es d\u2019une chute des temp\u00e9ratures nous \u00e9loigne du ressenti de la s\u00e9cheresse estivale. Par ailleurs, si le territoire haut-viennois a re\u00e7u au mois de septembre, un volume de pluie conforme \u00e0 la normale, le bilan pluviom\u00e9trique accumul\u00e9 de l\u2019ann\u00e9e accuse cependant un d\u00e9ficit de 85 mm. Le d\u00e9bit des cours [&hellip;]<\/p>\n","protected":false},"author":1,"featured_media":1558,"comment_status":"closed","ping_status":"closed","sticky":false,"template":"","format":"standard","meta":{"_jetpack_memberships_contains_paid_content":false,"footnotes":"","jetpack_publicize_message":"","jetpack_publicize_feature_enabled":true,"jetpack_social_post_already_shared":true,"jetpack_social_options":{"image_generator_settings":{"template":"highway","enabled":false},"version":2}},"categories":[4,6],"tags":[],"jetpack_publicize_connections":[],"jetpack_sharing_enabled":true,"featured_image_src":"https:\/\/cussac87.com\/wp-content\/uploads\/2020\/07\/Secheresse-Le-departement-de-la-Haute-Vienne-place-en-crise-renforcee_large.png","featured_image_src_square":"https:\/\/cussac87.com\/wp-content\/uploads\/2020\/07\/Secheresse-Le-departement-de-la-Haute-Vienne-place-en-crise-renforcee_large.png","author_info":{"display_name":"admin4046","author_link":"https:\/\/cussac87.com\/index.php\/author\/admin4046\/"},"jetpack_featured_media_url":"https:\/\/cussac87.com\/wp-content\/uploads\/2020\/07\/Secheresse-Le-departement-de-la-Haute-Vienne-place-en-crise-renforcee_large.png","_links":{"self":[{"href":"https:\/\/cussac87.com\/index.php\/wp-json\/wp\/v2\/posts\/1728"}],"collection":[{"href":"https:\/\/cussac87.com\/index.php\/wp-json\/wp\/v2\/posts"}],"about":[{"href":"https:\/\/cussac87.com\/index.php\/wp-json\/wp\/v2\/types\/post"}],"author":[{"embeddable":true,"href":"https:\/\/cussac87.com\/index.php\/wp-json\/wp\/v2\/users\/1"}],"replies":[{"embeddable":true,"href":"https:\/\/cussac87.com\/index.php\/wp-json\/wp\/v2\/comments?post=1728"}],"version-history":[{"count":0,"href":"https:\/\/cussac87.com\/index.php\/wp-json\/wp\/v2\/posts\/1728\/revisions"}],"wp:featuredmedia":[{"embeddable":true,"href":"https:\/\/cussac87.com\/index.php\/wp-json\/wp\/v2\/media\/1558"}],"wp:attachment":[{"href":"https:\/\/cussac87.com\/index.php\/wp-json\/wp\/v2\/media?parent=1728"}],"wp:term":[{"taxonomy":"category","embeddable":true,"href":"https:\/\/cussac87.com\/index.php\/wp-json\/wp\/v2\/categories?post=1728"},{"taxonomy":"post_tag","embeddable":true,"href":"https:\/\/cussac87.com\/index.php\/wp-json\/wp\/v2\/tags?post=1728"}],"curies":[{"name":"wp","href":"https:\/\/api.w.org\/{rel}","templated":true}]}}