{"id":1718,"date":"2020-10-03T09:04:23","date_gmt":"2020-10-03T07:04:23","guid":{"rendered":"http:\/\/cussac87.com\/?p=1718"},"modified":"2021-05-14T21:28:44","modified_gmt":"2021-05-14T19:28:44","slug":"les-animations-du-5-au-11-octobre","status":"publish","type":"post","link":"https:\/\/cussac87.com\/index.php\/2020\/10\/03\/les-animations-du-5-au-11-octobre\/","title":{"rendered":"Les animations du 5 au 11 octobre"},"content":{"rendered":"\n<div class=\"wp-block-columns is-layout-flex wp-container-core-columns-is-layout-1 wp-block-columns-is-layout-flex\">\n<div class=\"wp-block-column is-vertically-aligned-top is-layout-flow wp-block-column-is-layout-flow\">\n<div class=\"wp-block-image\"><figure class=\"alignleft size-large\"><img decoding=\"async\" width=\"592\" height=\"828\" data-src=\"https:\/\/cussac87.com\/wp-content\/uploads\/2020\/10\/Troc_des_jardins-1.png\" alt=\"\" class=\"wp-image-1726 lazyload\" data-srcset=\"https:\/\/cussac87.com\/wp-content\/uploads\/2020\/10\/Troc_des_jardins-1.png 592w, https:\/\/cussac87.com\/wp-content\/uploads\/2020\/10\/Troc_des_jardins-1-214x300.png 214w\" data-sizes=\"(max-width: 592px) 100vw, 592px\" src=\"data:image\/svg+xml;base64,PHN2ZyB3aWR0aD0iMSIgaGVpZ2h0PSIxIiB4bWxucz0iaHR0cDovL3d3dy53My5vcmcvMjAwMC9zdmciPjwvc3ZnPg==\" style=\"--smush-placeholder-width: 592px; --smush-placeholder-aspect-ratio: 592\/828;\" \/><\/figure><\/div>\n<\/div>\n\n\n\n<div class=\"wp-block-column is-layout-flow wp-block-column-is-layout-flow\">\n<p>Le samedi 10 octobre, venez \u00e9changer vos plantes de 9h30 \u00e0 13h \u00e0 Pageas lors du Troc des Jardins.<\/p>\n<p>9h30 &#8211; 13h00 : Ateliers, ouverts aux enfants et aux adultes, fabrication de nichoirs, cordes, vannerie en osier avec un vannier professionnel, expositions, participation d&rsquo;un feuillardier<\/p>\n<p>9h30 : Sortie botanique<\/p>\n<p>11h00 : Visite comment\u00e9e de l&rsquo;\u00e9glise de Ch\u00e8nevieres<\/p>\n<p>11h30 : Ap\u00e9ro, omelette paysanne et soupe de l\u00e9gumes offerts<\/p>\n<p>12h30 : Pique-nique partag\u00e9 tir\u00e9 du sac<\/p>\n<p><span style=\"text-decoration: underline;\">Renseignements :<\/span> 05- 55-78-52-08 \/ 06-81-93-19-70<\/p>\n<\/div>\n<\/div>\n\n\n\n<hr class=\"wp-block-separator\"\/>\n\n\n\n<div class=\"wp-block-columns is-layout-flex wp-container-core-columns-is-layout-2 wp-block-columns-is-layout-flex\">\n<div class=\"wp-block-column is-layout-flow wp-block-column-is-layout-flow\" style=\"flex-basis:50%\">\n<p style=\"text-align: justify;\">L\u2019Office de Tourisme Ouest-Limousin, pour la 8<sup>\u00e8me<\/sup> ann\u00e9e, propose son espace \u00e0 l\u2019expression artistique des habitants du territoire Ouest Limousin. Chacun confie 1 ou 2 r\u00e9alisations personnelles afin de d\u00e9voiler ses occupations et de faire partager ses passions et son savoir-faire.<\/p>\n<p style=\"text-align: justify;\"><em>Visite de l\u2019expo en octobre les mardi, jeudi &amp; vendredi de 9h30 \u00e0 12h30 et de 13h30 \u00e0 17h30, le mercredi &amp; le samedi de 9h30 \u00e0 12h30<\/em><\/p>\n<p style=\"text-align: justify;\"><em>Visite de l\u2019expo en novembre les mardi, mercredi, vendredi &amp; samedi 9h30 12h30<\/em><\/p>\n<\/div>\n\n\n\n<div class=\"wp-block-column is-layout-flow wp-block-column-is-layout-flow\">\n<div class=\"wp-block-image\"><figure class=\"alignright size-large\"><img decoding=\"async\" width=\"724\" height=\"1024\" data-src=\"https:\/\/cussac87.com\/wp-content\/uploads\/2020\/10\/nos_habitants_ont_du_talent_2020-728x1030-1-724x1024.jpg\" alt=\"\" class=\"wp-image-1720 lazyload\" data-srcset=\"https:\/\/cussac87.com\/wp-content\/uploads\/2020\/10\/nos_habitants_ont_du_talent_2020-728x1030-1-724x1024.jpg 724w, https:\/\/cussac87.com\/wp-content\/uploads\/2020\/10\/nos_habitants_ont_du_talent_2020-728x1030-1-212x300.jpg 212w, https:\/\/cussac87.com\/wp-content\/uploads\/2020\/10\/nos_habitants_ont_du_talent_2020-728x1030-1.jpg 728w\" data-sizes=\"(max-width: 724px) 100vw, 724px\" src=\"data:image\/svg+xml;base64,PHN2ZyB3aWR0aD0iMSIgaGVpZ2h0PSIxIiB4bWxucz0iaHR0cDovL3d3dy53My5vcmcvMjAwMC9zdmciPjwvc3ZnPg==\" style=\"--smush-placeholder-width: 724px; --smush-placeholder-aspect-ratio: 724\/1024;\" \/><\/figure><\/div>\n<\/div>\n<\/div>\n\n\n\n<hr class=\"wp-block-separator\"\/>\n\n\n\n<div class=\"wp-block-columns is-layout-flex wp-container-core-columns-is-layout-3 wp-block-columns-is-layout-flex\">\n<div class=\"wp-block-column is-layout-flow wp-block-column-is-layout-flow\">\n<div class=\"wp-block-image\"><figure class=\"alignright size-large\"><img decoding=\"async\" width=\"724\" height=\"1024\" data-src=\"https:\/\/cussac87.com\/wp-content\/uploads\/2020\/10\/portes_ouvertes_alveol-728x1030-1-724x1024.jpg\" alt=\"\" class=\"wp-image-1722 lazyload\" data-srcset=\"https:\/\/cussac87.com\/wp-content\/uploads\/2020\/10\/portes_ouvertes_alveol-728x1030-1-724x1024.jpg 724w, https:\/\/cussac87.com\/wp-content\/uploads\/2020\/10\/portes_ouvertes_alveol-728x1030-1-212x300.jpg 212w, https:\/\/cussac87.com\/wp-content\/uploads\/2020\/10\/portes_ouvertes_alveol-728x1030-1.jpg 728w\" data-sizes=\"(max-width: 724px) 100vw, 724px\" src=\"data:image\/svg+xml;base64,PHN2ZyB3aWR0aD0iMSIgaGVpZ2h0PSIxIiB4bWxucz0iaHR0cDovL3d3dy53My5vcmcvMjAwMC9zdmciPjwvc3ZnPg==\" style=\"--smush-placeholder-width: 724px; --smush-placeholder-aspect-ratio: 724\/1024;\" \/><\/figure><\/div>\n\n\n<\/div>\n\n\n\n<div class=\"wp-block-column is-layout-flow wp-block-column-is-layout-flow\" style=\"flex-basis:59%\">\n<p style=\"text-align: justify;\"><span class=\"bg-couleur\">Le SYDED Haute-Vienne organise pour le grand public des \u00ab portes ouvertes \u00bb sur son site alv\u0113ol le jeudi 8 octobre \u00e0 10h ou 14h.<\/span><\/p>\n<p style=\"text-align: justify;\">Situ\u00e9e sur la commune de Peyrat-de-Bellac, l\u2019Installation de Stockage des D\u00e9chets Non Dangereux Alv\u0113ol est ouverte depuis 2009 et a \u00e9t\u00e9 con\u00e7ue pour recevoir des d\u00e9chets non dangereux, les encombrants des d\u00e9ch\u00e8teries du d\u00e9partement, ainsi que des D\u00e9chets d\u2019Activit\u00e9s Economiques.<\/p>\n<p style=\"text-align: justify;\">Au programme :<\/p>\n<ul style=\"text-align: justify;\">\n<li>animations autour du th\u00e8me de la pr\u00e9vention et du recyclage des d\u00e9chets<\/li>\n<li>visite du site de 10h \u00e0 12h ou de 14h \u00e0 16h.<\/li>\n<\/ul>\n<p style=\"text-align: justify;\">A l\u2019occasion de la Semaine Europ\u00e9enne du D\u00e9veloppement Durable 2020, nous vous invitons \u00e0 venir nombreux d\u00e9couvrir l\u2019\u00e9volution des pratiques en mati\u00e8re de gestion des d\u00e9chets.<\/p>\n<p style=\"text-align: justify;\">Afin de vous recevoir dans les meilleures conditions, nous vous remercions de bien vouloir vous inscrire aupr\u00e8s du SYDED au 05.55.12.12.87.<\/p>\n<p style=\"text-align: justify;\"><i>L\u2019accueil et les visites s\u2019effectueront en respectant un protocole sanitaire. Toutefois, nous vous demandons de venir avec votre propre masque et \u00e9galement avec des chaussures ferm\u00e9es<\/i><\/p>\n<\/div>\n<\/div>\n","protected":false},"excerpt":{"rendered":"<p>Le samedi 10 octobre, venez \u00e9changer vos plantes de 9h30 \u00e0 13h \u00e0 Pageas lors du Troc des Jardins. 9h30 &#8211; 13h00 : Ateliers, ouverts aux enfants et aux adultes, fabrication de nichoirs, cordes, vannerie en osier avec un vannier professionnel, expositions, participation d&rsquo;un feuillardier 9h30 : Sortie botanique 11h00 : Visite comment\u00e9e de l&rsquo;\u00e9glise [&hellip;]<\/p>\n","protected":false},"author":1,"featured_media":1719,"comment_status":"closed","ping_status":"closed","sticky":false,"template":"","format":"standard","meta":{"_jetpack_memberships_contains_paid_content":false,"footnotes":"","jetpack_publicize_message":"","jetpack_publicize_feature_enabled":true,"jetpack_social_post_already_shared":true,"jetpack_social_options":{"image_generator_settings":{"template":"highway","enabled":false},"version":2}},"categories":[4,5],"tags":[],"jetpack_publicize_connections":[],"jetpack_sharing_enabled":true,"featured_image_src":"https:\/\/cussac87.com\/wp-content\/uploads\/2020\/10\/S41-Les-animations.png","featured_image_src_square":"https:\/\/cussac87.com\/wp-content\/uploads\/2020\/10\/S41-Les-animations.png","author_info":{"display_name":"admin4046","author_link":"https:\/\/cussac87.com\/index.php\/author\/admin4046\/"},"jetpack_featured_media_url":"https:\/\/cussac87.com\/wp-content\/uploads\/2020\/10\/S41-Les-animations.png","_links":{"self":[{"href":"https:\/\/cussac87.com\/index.php\/wp-json\/wp\/v2\/posts\/1718"}],"collection":[{"href":"https:\/\/cussac87.com\/index.php\/wp-json\/wp\/v2\/posts"}],"about":[{"href":"https:\/\/cussac87.com\/index.php\/wp-json\/wp\/v2\/types\/post"}],"author":[{"embeddable":true,"href":"https:\/\/cussac87.com\/index.php\/wp-json\/wp\/v2\/users\/1"}],"replies":[{"embeddable":true,"href":"https:\/\/cussac87.com\/index.php\/wp-json\/wp\/v2\/comments?post=1718"}],"version-history":[{"count":0,"href":"https:\/\/cussac87.com\/index.php\/wp-json\/wp\/v2\/posts\/1718\/revisions"}],"wp:featuredmedia":[{"embeddable":true,"href":"https:\/\/cussac87.com\/index.php\/wp-json\/wp\/v2\/media\/1719"}],"wp:attachment":[{"href":"https:\/\/cussac87.com\/index.php\/wp-json\/wp\/v2\/media?parent=1718"}],"wp:term":[{"taxonomy":"category","embeddable":true,"href":"https:\/\/cussac87.com\/index.php\/wp-json\/wp\/v2\/categories?post=1718"},{"taxonomy":"post_tag","embeddable":true,"href":"https:\/\/cussac87.com\/index.php\/wp-json\/wp\/v2\/tags?post=1718"}],"curies":[{"name":"wp","href":"https:\/\/api.w.org\/{rel}","templated":true}]}}